{"id":12870,"date":"2024-05-23T14:25:50","date_gmt":"2024-05-23T12:25:50","guid":{"rendered":"https:\/\/www.cscp.org\/?p=12870"},"modified":"2024-06-10T14:25:36","modified_gmt":"2024-06-10T12:25:36","slug":"ubi-dialogforum-2024","status":"publish","type":"post","link":"https:\/\/www.cscp.org\/de\/ubi-dialogue-forum-2024\/","title":{"rendered":"Das UBi-Dialogforum 2024: Nachhaltige Zuk\u00fcnfte entwerfen"},"content":{"rendered":"<p>Wie k\u00f6nnen Unternehmen die wirtschaftliche Kraft der biologischen Vielfalt nutzen, um sowohl \u00f6kologische als auch wirtschaftliche Herausforderungen zu bew\u00e4ltigen? Besuchen Sie uns auf der <strong>UBi-Dialogforum 2024<\/strong> am 11. Juni in Berlin, wo f\u00fchrende Vertreter der Branche zusammenkommen werden, um dar\u00fcber zu diskutieren, wie eine nachhaltige Zukunft durch innovative Praktiken und interdisziplin\u00e4re Zusammenarbeit gestaltet werden kann.<\/p>\n<p>Die biologische Vielfalt, die als wirtschaftliches Gut oft untersch\u00e4tzt wird, ist die Grundlage f\u00fcr mehr als <a href=\"https:\/\/www.weforum.org\/\" target=\"_blank\" rel=\"noopener\">die H\u00e4lfte des weltweiten BIP<\/a>. Ihr abnehmender Gesundheitszustand stellt nicht nur eine \u00f6kologische, sondern auch eine wirtschaftliche Krise dar. Unser j\u00e4hrliches Forum im Rahmen des UBi-Projekts widmet sich dieser Herausforderung, indem es Experten aus Wirtschaft, Politik und Wissenschaft zusammenbringt, um nachhaltige Praktiken zu diskutieren, die das Blatt wenden k\u00f6nnen.<\/p>\n<p>Am 11. Juni 2024 bietet das UBi-Dialogforum 2024 im Allianz Forum Berlin eine Plattform f\u00fcr Unternehmen zum Austausch und zur Entwicklung nachhaltiger Gesch\u00e4ftsmodelle. Experten aus Wirtschaft, Politik und Wissenschaft kommen zusammen, um die Rolle der Biodiversit\u00e4t in der modernen Wirtschaft zu diskutieren.<\/p>\n<p>Neben dem Schwerpunktthema Berichterstattung wird es in diesem Jahr vier Fachforen geben, die sich mit den Herausforderungen kleiner und mittlerer Unternehmen (KMU) in den branchenspezifischen Themenbereichen Tourismus, Bau und Textil besch\u00e4ftigen. F\u00fcr Unternehmen, insbesondere KMU, bieten diese Foren eine einzigartige Gelegenheit, branchenspezifisches Wissen zu erwerben und sich mit f\u00fchrenden Experten auszutauschen.<\/p>\n<p>Das Dialogforum 2024 wird von der deutschen Bundesumweltministerin er\u00f6ffnet, <a href=\"https:\/\/www.bundesregierung.de\/breg-en\/federal-cabinet\/1988576-1988576\" target=\"_blank\" rel=\"noopener\">Steffi Lemke<\/a>der sich mit einer Begr\u00fc\u00dfungsrede an die Teilnehmer wenden wird.<\/p>\n<p>Was Sie vom Dialogforum der UBi 2024 erwarten k\u00f6nnen:<\/p>\n<ul>\n<li>Einf\u00fchrung in das Thema der biologischen Vielfalt<\/li>\n<li>Einbeziehung der biologischen Vielfalt in die Nachhaltigkeitsberichterstattung<\/li>\n<li>Inspirierende Beispiele aus der Praxis<\/li>\n<li>Expertenforen: KMU, Tourismus, Bauwesen und Textilien<\/li>\n<\/ul>\n<p>Sind Sie eine F\u00fchrungskraft, ein Unternehmer oder ein Manager? Nehmen Sie an der Veranstaltung teil, um an der Spitze des Wandels zu stehen und sich \u00fcber innovative Ideen, interessante Ans\u00e4tze und zukunftsweisende L\u00f6sungen f\u00fcr mehr biologische Vielfalt und Nachhaltigkeit auszutauschen.<\/p>\n<p><strong>Veranstaltung: <\/strong>Dialogforum der UBi 2024<br \/>\n<strong>Datum: <\/strong>11. Juni 2024<br \/>\n<strong>Zeit: <\/strong>09:00 - 17:00<br \/>\n<strong>Ort: <\/strong>Berlin, Allianz Arena<br \/>\n<strong>Sprache: <\/strong>Deutsch<br \/>\n<strong>Kosten: <\/strong>Kostenfrei<\/p>\n<p>Um am Dialogforum der UBi 2024 teilzunehmen, registrieren Sie sich bitte <a href=\"https:\/\/ubi.business-and-biodiversity.de\/veranstaltungen\/dialogforum\/anmeldung-2024\" target=\"_blank\" rel=\"noopener\">hier lesen.<\/a>.<\/p>\n<p>Die UBi: Business &amp; Biodiversity ist ein gemeinsames Projekt von f\u00fcnf Partnern, die sich f\u00fcr die biologische Vielfalt in der Wirtschaft einsetzen:\u00a0<a href=\"https:\/\/www.business-and-biodiversity.de\/en\/\" target=\"_blank\" rel=\"noopener\">Initiative f\u00fcr biologische Vielfalt in guter Gesellschaft<\/a>,\u00a0<a href=\"https:\/\/www.bodensee-stiftung.org\/en\/\" target=\"_blank\" rel=\"noopener\">Bodensee-Stiftung<\/a>,\u00a0<a href=\"https:\/\/www.dihk-service-gmbh.de\/de\" target=\"_blank\" rel=\"noopener\">DIHK Service GmbH<\/a>,\u00a0<a href=\"https:\/\/www.globalnature.org\/en\/home\" target=\"_blank\" rel=\"noopener\">Global Nature Fund<\/a>\u00a0und das CSCP.<\/p>\n<p>UBi wird im Rahmen des Bundesprogramms f\u00fcr biologische Vielfalt von der\u00a0<a href=\"https:\/\/www.bmuv.de\/en\/\" target=\"_blank\" rel=\"noopener\">Bundesministerium f\u00fcr Umwelt, Naturschutz, Reaktorsicherheit und Verbraucherschutz (BMUV)<\/a>.<\/p>\n<p>Weitere Informationen \u00fcber das Unternehmen Biologische Vielfalt (UBi) und seine Arbeit finden Sie auf der Website <a href=\"https:\/\/www.unternehmen-biologische-vielfalt.de\/\" target=\"_blank\" rel=\"noopener\">Projekt-Website<\/a>.<\/p>\n<p>F\u00fcr weitere Fragen kontaktieren Sie bitte <a href=\"https:\/\/www.cscp.org\/de\/team\/katrin-huettepohl\/\" target=\"_blank\" rel=\"noopener\">Katrin H\u00fcttepohl<\/a>.<\/p>","protected":false},"excerpt":{"rendered":"<p>How can businesses harness the economic power of biodiversity to address both environmental and economic challenges? Join us at the UBi Dialogue Forum 2024 on 11 June in Berlin, where industry leaders will come together to discuss how to shape a sustainable future through innovative practices and interdisciplinary collaboration. Biodiversity, often underrated as an economic [&hellip;]<\/p>\n","protected":false},"author":14,"featured_media":12871,"comment_status":"closed","ping_status":"closed","sticky":false,"template":"","format":"standard","meta":{"_acf_changed":false,"footnotes":""},"categories":[1],"class_list":["post-12870","post","type-post","status-publish","format-standard","has-post-thumbnail","hentry","category-news"],"acf":[],"_links":{"self":[{"href":"https:\/\/www.cscp.org\/de\/wp-json\/wp\/v2\/posts\/12870","targetHints":{"allow":["GET"]}}],"collection":[{"href":"https:\/\/www.cscp.org\/de\/wp-json\/wp\/v2\/posts"}],"about":[{"href":"https:\/\/www.cscp.org\/de\/wp-json\/wp\/v2\/types\/post"}],"author":[{"embeddable":true,"href":"https:\/\/www.cscp.org\/de\/wp-json\/wp\/v2\/users\/14"}],"replies":[{"embeddable":true,"href":"https:\/\/www.cscp.org\/de\/wp-json\/wp\/v2\/comments?post=12870"}],"version-history":[{"count":4,"href":"https:\/\/www.cscp.org\/de\/wp-json\/wp\/v2\/posts\/12870\/revisions"}],"predecessor-version":[{"id":12875,"href":"https:\/\/www.cscp.org\/de\/wp-json\/wp\/v2\/posts\/12870\/revisions\/12875"}],"wp:featuredmedia":[{"embeddable":true,"href":"https:\/\/www.cscp.org\/de\/wp-json\/wp\/v2\/media\/12871"}],"wp:attachment":[{"href":"https:\/\/www.cscp.org\/de\/wp-json\/wp\/v2\/media?parent=12870"}],"wp:term":[{"taxonomy":"category","embeddable":true,"href":"https:\/\/www.cscp.org\/de\/wp-json\/wp\/v2\/categories?post=12870"}],"curies":[{"name":"wp","href":"https:\/\/api.w.org\/{rel}","templated":true}]}}