{"id":6356,"date":"2020-06-18T14:50:02","date_gmt":"2020-06-18T12:50:02","guid":{"rendered":"https:\/\/www.cscp.org\/?p=6356"},"modified":"2020-07-02T11:46:29","modified_gmt":"2020-07-02T09:46:29","slug":"treffen-anna-hilger","status":"publish","type":"post","link":"https:\/\/www.cscp.org\/de\/meet-anna-hilger\/","title":{"rendered":"Ich bin hier, um Organisationen bei der Anpassung an die nachhaltige Digitalisierung zu unterst\u00fctzen"},"content":{"rendered":"<p>Anna, die zuvor als Projektmanagerin in einem Innovationslabor sowie in der Modebranche t\u00e4tig war, wird das Team vor allem im Bereich der nachhaltigen Digitalisierung unterst\u00fctzen, wobei ihr Schwerpunkt auf kleinen und mittleren Unternehmen (KMU) liegt. Angetrieben von ihrer Leidenschaft, die Digitalisierungsagenda mit Nachhaltigkeitszielen zu verbinden, freut sich Anna darauf, positive Ver\u00e4nderungen f\u00fcr die Gesellschaft und die Wirtschaft gleicherma\u00dfen zu bewirken.<\/p>\n<p><strong>Warum haben Sie sich f\u00fcr die Arbeit beim CSCP beworben?<\/strong><\/p>\n<p>Nachhaltigkeit hat f\u00fcr mich pers\u00f6nlich schon immer eine hohe Relevanz gehabt, weshalb mir irgendwann auch klar wurde, dass ich sie zu einem Schwerpunkt meiner beruflichen T\u00e4tigkeit machen wollte. In diesem Zusammenhang war die Bewerbung f\u00fcr das CSCP eine gute Gelegenheit, diese Reise zu beginnen. In meiner jetzigen Position finde ich es besonders wichtig, dass Nachhaltigkeit stark mit der Digitalisierung verkn\u00fcpft ist, was in Zukunft idealerweise selbstverst\u00e4ndlich sein sollte, um sicherzustellen, dass wir die Digitalisierung nutzen, um mehr Nachhaltigkeit zu erreichen und die Digitalisierung selbst nachhaltiger zu gestalten. Dar\u00fcber hinaus freue ich mich auch auf unsere Projekte, die sich mit der sozialen Verantwortung von Unternehmen (Corporate Social Responsibility, CSR) befassen, damit wir gemeinsam L\u00f6sungen schaffen k\u00f6nnen, von denen Unternehmen und Gesellschaft gleicherma\u00dfen profitieren. Und schlie\u00dflich sch\u00e4tze ich das internationale Team des CSCP mit seinen unterschiedlichen Hintergr\u00fcnden und F\u00e4higkeiten, das es uns erm\u00f6glicht, das Thema Nachhaltigkeit aus verschiedenen Perspektiven anzugehen.<\/p>\n<p><strong>Was w\u00fcrden Sie aus Ihrer bisherigen Erfahrung hervorheben und in welchem Zusammenhang steht dies mit dem CSCP?<\/strong><\/p>\n<p>Zuvor habe ich mit und f\u00fcr mehrere KMU in verschiedenen Branchen gearbeitet. Diese Erfahrung ist besonders hilfreich f\u00fcr meine Arbeit im Projekt CSR.digital, bei dem KMU im Mittelpunkt stehen. Ich hatte das Gl\u00fcck, immer in innovativen Umgebungen zu arbeiten und verschiedene Teams, aber auch verschiedene Softwarel\u00f6sungen und Projektmanagementans\u00e4tze kennenzulernen. All diese Erfahrungen m\u00f6chte ich einbringen und weiter ausbauen. Au\u00dferdem ist Nachhaltigkeit auch in meinem Privatleben tief verankert, wobei Themen wie Lebensmittelverschwendung und die Verbesserung der Mobilit\u00e4t im Mittelpunkt meines Engagements stehen. Das bringt viel Leidenschaft in meine Arbeit am CSCP ein.<\/p>\n<p><strong>Was sind Ihre bisherigen Eindr\u00fccke vom CSCP?<\/strong><\/p>\n<p>Ich bin sehr beeindruckt von der Art und Weise, wie beim CSCP gearbeitet wird, und davon, wie sehr die Zusammenarbeit in allen Bereichen im Vordergrund steht. Da ich w\u00e4hrend des H\u00f6hepunkts der Corona-Sperrung eingetreten bin, war ich auch \u00fcberrascht, wie gut das CSCP in der Lage ist, aus der Ferne zu arbeiten und kreative und ansprechende Wege zu finden, dies zu tun. Das ist nicht nur sehr nachhaltig, sondern entspricht auch den aktuellen Trends wie New Work und dem Ziel, mehr zu erreichen und gleichzeitig eine bessere Work-Life-Balance zu haben.<\/p>\n<p><strong>Auf welche Themen\/Projekte freuen Sie sich bei Ihrer neuen T\u00e4tigkeit am meisten?<\/strong><\/p>\n<p>Ich bin sehr daran interessiert, Digitalisierung und Nachhaltigkeit zusammen zu denken und auch vielversprechende neue Gesch\u00e4ftsmodelle zu analysieren, die sich aus der Verkn\u00fcpfung dieser beiden Aspekte ergeben. Ich bin auch sehr neugierig auf die Erforschung des Konzepts der neuen Arbeit und freue mich darauf, einen positiven Einfluss darauf zu haben.<\/p>\n<p>F\u00fcr weitere Fragen wenden Sie sich bitte an <a href=\"https:\/\/www.cscp.org\/de\/team\/anna-hilger\/\">Anna Hilger<\/a>.<\/p>","protected":false},"excerpt":{"rendered":"<p>Anna, a former project manager in an innovation lab as well as in the fashion industry, will support the team mainly in the area of sustainable digitalisation, with a focus on Small and Medium-Sized Enterprises (SMEs). Driven by her passion to combine the digitalisation agenda with sustainability goals, Anna looks forward to generating positive change [&hellip;]<\/p>\n","protected":false},"author":14,"featured_media":6357,"comment_status":"closed","ping_status":"open","sticky":false,"template":"","format":"standard","meta":{"_acf_changed":false,"footnotes":""},"categories":[1],"class_list":["post-6356","post","type-post","status-publish","format-standard","has-post-thumbnail","hentry","category-news"],"acf":[],"_links":{"self":[{"href":"https:\/\/www.cscp.org\/de\/wp-json\/wp\/v2\/posts\/6356","targetHints":{"allow":["GET"]}}],"collection":[{"href":"https:\/\/www.cscp.org\/de\/wp-json\/wp\/v2\/posts"}],"about":[{"href":"https:\/\/www.cscp.org\/de\/wp-json\/wp\/v2\/types\/post"}],"author":[{"embeddable":true,"href":"https:\/\/www.cscp.org\/de\/wp-json\/wp\/v2\/users\/14"}],"replies":[{"embeddable":true,"href":"https:\/\/www.cscp.org\/de\/wp-json\/wp\/v2\/comments?post=6356"}],"version-history":[{"count":0,"href":"https:\/\/www.cscp.org\/de\/wp-json\/wp\/v2\/posts\/6356\/revisions"}],"wp:featuredmedia":[{"embeddable":true,"href":"https:\/\/www.cscp.org\/de\/wp-json\/wp\/v2\/media\/6357"}],"wp:attachment":[{"href":"https:\/\/www.cscp.org\/de\/wp-json\/wp\/v2\/media?parent=6356"}],"wp:term":[{"taxonomy":"category","embeddable":true,"href":"https:\/\/www.cscp.org\/de\/wp-json\/wp\/v2\/categories?post=6356"}],"curies":[{"name":"wp","href":"https:\/\/api.w.org\/{rel}","templated":true}]}}