{"id":7165,"date":"2020-09-17T13:07:57","date_gmt":"2020-09-17T11:07:57","guid":{"rendered":"https:\/\/www.cscp.org\/?p=7165"},"modified":"2020-10-27T21:28:21","modified_gmt":"2020-10-27T20:28:21","slug":"das-gute-leben","status":"publish","type":"post","link":"https:\/\/www.cscp.org\/de\/the-good-life\/","title":{"rendered":"B\u00fcrger und Initiativen der Zivilgesellschaft feierten das gute Leben in Wuppertal"},"content":{"rendered":"<p>Das Mini-Festival \"Ort des guten Lebens\", das im August 2020 auf dem Platz der Republik in Wuppertal stattfand, brachte B\u00fcrger und Akteure der Zivilgesellschaft in einem kreativen und partizipativen Format zusammen. Die Veranstaltung bildete den Auftakt zu einem Mitgestaltungsprozess f\u00fcr den Tag des guten Lebens in Wuppertal, der f\u00fcr den 16. Mai 2021 geplant ist.<\/p>\n<p>Die aktuelle Pandemie hat uns daran erinnert, wie wichtig unsere engen Gemeinschaften und der Wert gut vernetzter Nachbarschaften sind. Schlie\u00dflich sind sie der Rahmen, in dem ein Gro\u00dfteil unserer t\u00e4glichen Interaktion stattfindet: Treffen, Diskussionen und die Bew\u00e4ltigung gemeinsamer Erfahrungen und Herausforderungen.<\/p>\n<p>Dreihundert Teilnehmer aus ganz Wuppertal kamen zu der Veranstaltung und nahmen an einer der drei\u00dfig angebotenen Aktivit\u00e4ten teil. Auf gro\u00dfen Visionsw\u00e4nden konnten die Teilnehmer ihre Vorstellungen vom guten Leben in Wuppertal schreiben und malen.<\/p>\n<p><a href=\"https:\/\/www.cscp.org\/wp-content\/uploads\/2020\/09\/news_dayofgoodlife_2.jpg\"><img loading=\"lazy\" decoding=\"async\" class=\"alignleft wp-image-7170 size-full\" src=\"https:\/\/www.cscp.org\/wp-content\/uploads\/2020\/09\/news_dayofgoodlife_2.jpg\" alt=\"\" width=\"535\" height=\"356\" srcset=\"https:\/\/www.cscp.org\/wp-content\/uploads\/2020\/09\/news_dayofgoodlife_2.jpg 535w, https:\/\/www.cscp.org\/wp-content\/uploads\/2020\/09\/news_dayofgoodlife_2-300x200.jpg 300w\" sizes=\"auto, (max-width: 535px) 100vw, 535px\" \/><\/a><\/p>\n<p>Ein Imker brachte einige seiner Bienen mit, um zu zeigen, wie Honig hergestellt wird. <a href=\"https:\/\/www.tuhuus-langerfeld.de\" target=\"_blank\" rel=\"noopener noreferrer\"><em>Langerfeld bl\u00fcht auf<\/em>\u00a0<\/a>bot den Wuppertaler B\u00fcrgerinnen und B\u00fcrgern die M\u00f6glichkeit, Saatgutbomben herzustellen und ihre Stadtviertel zu begr\u00fcnen. Mechaniker aus <a href=\"https:\/\/clownfisch.eu\/utopiastadtrad\/\" target=\"_blank\" rel=\"noopener noreferrer\">Mirker Schrauber<\/a> halfen den Besuchern bei der Reparatur ihrer Fahrr\u00e4der, w\u00e4hrend einige mit Unterst\u00fctzung eines Teams der Else-Lasker-Schule lernten, wie man einen Rollstuhl f\u00e4hrt.<\/p>\n<p>Die Teilnahme an einer Podiumsdiskussion zum Thema nachhaltige Mobilit\u00e4t wurde erm\u00f6glicht durch<a href=\"https:\/\/mobiles-wuppertal.org\/home\" target=\"_blank\" rel=\"noopener noreferrer\"><em> Mobiles Wuppertal<\/em><\/a>. Eine Ausstellung von <a href=\"http:\/\/www.kitma.org\/\" target=\"_blank\" rel=\"noopener noreferrer\"><em>Kitma<\/em> <\/a><em>und <\/em><a href=\"https:\/\/www.facebook.com\/wuppertalpoc\/\" target=\"_blank\" rel=\"noopener noreferrer\"><em>Die Macht der Farbe<\/em><\/a> regte zum Nachdenken \u00fcber Rassismus in unserem Alltag an und regte die Teilnehmer dazu an, dar\u00fcber nachzudenken, wie er am besten \u00fcberwunden werden kann. Ein Solarmodul auf dem Gel\u00e4nde erzeugte w\u00e4hrend des Festivals Strom, und die Besucher konnten sich von der <a href=\"https:\/\/www.bbeg.de\/\" target=\"_blank\" rel=\"noopener noreferrer\">Bergische B\u00fcrgerenergiegenossenschaft<\/a> wie sie diese kleinen Solarmodule auf ihren Balkonen verwenden k\u00f6nnen, um zu Hause Sonnenenergie zu erzeugen.<\/p>\n<p>Eine Yoga- und Zumba-Einheit sorgte f\u00fcr zus\u00e4tzliche k\u00f6rperliche Aktivit\u00e4t. Den Abschluss der Veranstaltung bildete ein internationales \u00f6ffentliches Singen mit englischen, t\u00fcrkischen und deutschen Liedern.<\/p>\n<p>Die vier Hauptthemen Mobilit\u00e4t, Energie und Wohnen, Natur und Ern\u00e4hrung sowie Miteinander werden die Grundlage f\u00fcr die Diskussionen bei den n\u00e4chsten Veranstaltungen bilden. Im Anschluss an die Veranstaltung \"Ort des guten Lebens\" werden die B\u00fcrgerinnen und B\u00fcrger im Wuppertaler Stadtteil Ostersbaum in Nachbarschaftstreffen an der Vorbereitung von Aktivit\u00e4ten f\u00fcr den Tag des guten Lebens am 16. Mai 2021 beteiligt. In Visionsworkshops wird das Projekt weitere Ideen und Aktionen f\u00fcr die gro\u00dfe Abschlussveranstaltung sammeln.<\/p>\n<p>Der Tag des guten Lebens ist ein gemeinsames Projekt des CSCP und seiner Partner, der <a href=\"https:\/\/www.nachbarschaftsheim-wuppertal.de\/\" target=\"_blank\" rel=\"noopener noreferrer\">Nachbarschaftsheim Wuppertal, e.V.<\/a>., <a href=\"http:\/\/ideaalwerk.de\/\" target=\"_blank\" rel=\"noopener noreferrer\">Idealwerk<\/a> und die <a href=\"https:\/\/www.forum-fuer-soziale-innovation.de\/\" target=\"_blank\" rel=\"noopener noreferrer\">Forum f\u00fcr Soziale Innovation (FSI)<\/a> gGmbH.<\/p>\n<p>F\u00fcr weitere Informationen wenden Sie sich bitte an <a href=\"https:\/\/www.cscp.org\/de\/team\/alexandra-kessler\/\">Alexandra Kessler.<\/a><\/p>","protected":false},"excerpt":{"rendered":"<p>The mini-festival \u201cPlace of the Good Life\u201d, held in August 2020 at the Platz der Republik in Wuppertal, brought together citizens and civil society actors in a creative and participatory format. The event marked the launch of a co-creation process towards the Day of the Good Life in Wuppertal, planned for 16 May 2021. The [&hellip;]<\/p>\n","protected":false},"author":14,"featured_media":7171,"comment_status":"closed","ping_status":"open","sticky":false,"template":"","format":"standard","meta":{"_acf_changed":false,"footnotes":""},"categories":[1],"class_list":["post-7165","post","type-post","status-publish","format-standard","has-post-thumbnail","hentry","category-news"],"acf":[],"_links":{"self":[{"href":"https:\/\/www.cscp.org\/de\/wp-json\/wp\/v2\/posts\/7165","targetHints":{"allow":["GET"]}}],"collection":[{"href":"https:\/\/www.cscp.org\/de\/wp-json\/wp\/v2\/posts"}],"about":[{"href":"https:\/\/www.cscp.org\/de\/wp-json\/wp\/v2\/types\/post"}],"author":[{"embeddable":true,"href":"https:\/\/www.cscp.org\/de\/wp-json\/wp\/v2\/users\/14"}],"replies":[{"embeddable":true,"href":"https:\/\/www.cscp.org\/de\/wp-json\/wp\/v2\/comments?post=7165"}],"version-history":[{"count":0,"href":"https:\/\/www.cscp.org\/de\/wp-json\/wp\/v2\/posts\/7165\/revisions"}],"wp:featuredmedia":[{"embeddable":true,"href":"https:\/\/www.cscp.org\/de\/wp-json\/wp\/v2\/media\/7171"}],"wp:attachment":[{"href":"https:\/\/www.cscp.org\/de\/wp-json\/wp\/v2\/media?parent=7165"}],"wp:term":[{"taxonomy":"category","embeddable":true,"href":"https:\/\/www.cscp.org\/de\/wp-json\/wp\/v2\/categories?post=7165"}],"curies":[{"name":"wp","href":"https:\/\/api.w.org\/{rel}","templated":true}]}}